{"id":25608,"date":"2025-07-07T08:54:30","date_gmt":"2025-07-07T08:54:30","guid":{"rendered":"https:\/\/belhospice.org\/uncategorized\/together-we-learn-to-care-together\/"},"modified":"2025-07-14T09:17:32","modified_gmt":"2025-07-14T09:17:32","slug":"together-we-learn-to-care-together","status":"publish","type":"post","link":"https:\/\/belhospice.org\/en\/education-en\/together-we-learn-to-care-together\/","title":{"rendered":"Together we learn to care together"},"content":{"rendered":"<p>[et_pb_section fb_built=&#8221;1&#8243; _builder_version=&#8221;4.27.2&#8243; _module_preset=&#8221;default&#8221; global_colors_info=&#8221;{}&#8221; theme_builder_area=&#8221;post_content&#8221;][et_pb_row _builder_version=&#8221;4.27.2&#8243; _module_preset=&#8221;default&#8221; width=&#8221;98%&#8221; global_colors_info=&#8221;{}&#8221; theme_builder_area=&#8221;post_content&#8221;][et_pb_column type=&#8221;4_4&#8243; _builder_version=&#8221;4.27.2&#8243; _module_preset=&#8221;default&#8221; global_colors_info=&#8221;{}&#8221; theme_builder_area=&#8221;post_content&#8221;][et_pb_text _builder_version=&#8221;4.27.2&#8243; _module_preset=&#8221;default&#8221; custom_padding=&#8221;||||false|false&#8221; hover_enabled=&#8221;0&#8243; global_colors_info=&#8221;{}&#8221; theme_builder_area=&#8221;post_content&#8221; sticky_enabled=&#8221;0&#8243;]<\/p>\n<p>On Saturday, the BELhospice Day Care Center was a place of knowledge, exchange and inspiration &#8211; through education dedicated to pediatric nurses who provide support to children with serious, life-threatening illnesses.<\/p>\n<p>At the seminar &#8220;Multidisciplinary approach to pain&#8221;, the complexity of pain, the emotions of families, the importance of empathy and the role of the team in providing palliative care to children were discussed.<\/p>\n<ul>\n<li>What is &#8220;total pain&#8221; in a child and how to approach it?<\/li>\n<li>How to talk to family in difficult times?<\/li>\n<li>How does a multidisciplinary approach make a difference?<\/li>\n<\/ul>\n<p>Together with <strong>NURDOR<\/strong>, which recognized the importance of continuous education in this area, we gathered more than 35 sisters from different cities of Serbia &#8211; and took an important step towards a better and more humane practice.<\/p>\n<p>We also owe great thanks to the inspiring lecturers:<\/p>\n<p>&#8211; Asist. dr sci. med. Tomi Kova\u010devi\u0107   <\/p>\n<p>&#8211; Miodrag Bogi\u0107evi\u0107, B.Sc. soc. worker  <\/p>\n<p>&#8211; Nurse Maja \u0110or\u0111evi\u0107<\/p>\n<p>Thanks also to AGI Pasta for the donation that made the day even better.<\/p>\n<p>We believe that education changes practice. And practice changes lives. Thanks to everyone who is part of this mission!  <\/p>\n<p>&nbsp;<\/p>\n<p>[\/et_pb_text][\/et_pb_column][\/et_pb_row][et_pb_row column_structure=&#8221;1_3,1_3,1_3&#8243; _builder_version=&#8221;4.27.2&#8243; _module_preset=&#8221;default&#8221; width=&#8221;98%&#8221; custom_margin=&#8221;||250px||false|false&#8221; global_colors_info=&#8221;{}&#8221; theme_builder_area=&#8221;post_content&#8221;][et_pb_column type=&#8221;1_3&#8243; _builder_version=&#8221;4.27.2&#8243; _module_preset=&#8221;default&#8221; global_colors_info=&#8221;{}&#8221; theme_builder_area=&#8221;post_content&#8221;][et_pb_image src=&#8221;https:\/\/belhospice.org\/wp-content\/uploads\/2025\/07\/EdukacijaNurdor01.jpg&#8221; title_text=&#8221;EdukacijaNurdor01&#8243; show_in_lightbox=&#8221;on&#8221; _builder_version=&#8221;4.27.2&#8243; _module_preset=&#8221;default&#8221; global_colors_info=&#8221;{}&#8221; theme_builder_area=&#8221;post_content&#8221;][\/et_pb_image][\/et_pb_column][et_pb_column type=&#8221;1_3&#8243; _builder_version=&#8221;4.27.2&#8243; _module_preset=&#8221;default&#8221; global_colors_info=&#8221;{}&#8221; theme_builder_area=&#8221;post_content&#8221;][et_pb_image src=&#8221;https:\/\/belhospice.org\/wp-content\/uploads\/2025\/07\/EdukacijaNurdor02.jpg&#8221; title_text=&#8221;EdukacijaNurdor02&#8243; show_in_lightbox=&#8221;on&#8221; _builder_version=&#8221;4.27.2&#8243; _module_preset=&#8221;default&#8221; global_colors_info=&#8221;{}&#8221; theme_builder_area=&#8221;post_content&#8221;][\/et_pb_image][\/et_pb_column][et_pb_column type=&#8221;1_3&#8243; _builder_version=&#8221;4.27.2&#8243; _module_preset=&#8221;default&#8221; global_colors_info=&#8221;{}&#8221; theme_builder_area=&#8221;post_content&#8221;][et_pb_image src=&#8221;https:\/\/belhospice.org\/wp-content\/uploads\/2025\/07\/EdukacijaNurdor03.jpg&#8221; title_text=&#8221;EdukacijaNurdor03&#8243; show_in_lightbox=&#8221;on&#8221; _builder_version=&#8221;4.27.2&#8243; _module_preset=&#8221;default&#8221; global_colors_info=&#8221;{}&#8221; theme_builder_area=&#8221;post_content&#8221;][\/et_pb_image][\/et_pb_column][\/et_pb_row][\/et_pb_section]<\/p>\n","protected":false},"excerpt":{"rendered":"<p>On Saturday, the BELhospice Day Care Center was a place of knowledge, exchange and inspiration &#8211; through education dedicated to pediatric nurses who provide support to children with serious, life-threatening [&hellip;]<\/p>\n","protected":false},"author":1,"featured_media":25599,"comment_status":"closed","ping_status":"closed","sticky":false,"template":"","format":"standard","meta":{"_et_pb_use_builder":"on","_et_pb_old_content":"","_et_gb_content_width":"","footnotes":""},"categories":[2142],"tags":[2298,2300,2297,2296,2299],"class_list":["post-25608","post","type-post","status-publish","format-standard","has-post-thumbnail","hentry","category-education-en","tag-belhospice-educational-center","tag-dr-toni-kovacevic-en","tag-maja-djordjijevic-en-2","tag-mijodrag-bogicevic-en","tag-nurdor-en"],"yoast_head":"<!-- This site is optimized with the Yoast SEO plugin v27.5 - https:\/\/yoast.com\/product\/yoast-seo-wordpress\/ -->\n<title>Together we learn to care together - BELHospice<\/title>\n<meta name=\"robots\" content=\"index, follow, max-snippet:-1, max-image-preview:large, max-video-preview:-1\" \/>\n<link rel=\"canonical\" href=\"https:\/\/belhospice.org\/en\/education-en\/together-we-learn-to-care-together\/\" \/>\n<meta property=\"og:locale\" content=\"en_US\" \/>\n<meta property=\"og:type\" content=\"article\" \/>\n<meta property=\"og:title\" content=\"Together we learn to care together - BELHospice\" \/>\n<meta property=\"og:description\" content=\"On Saturday, the BELhospice Day Care Center was a place of knowledge, exchange and inspiration - through education dedicated to pediatric nurses who provide support to children with serious, life-threatening [&hellip;]\" \/>\n<meta property=\"og:url\" content=\"https:\/\/belhospice.org\/en\/education-en\/together-we-learn-to-care-together\/\" \/>\n<meta property=\"og:site_name\" content=\"BELHospice\" \/>\n<meta property=\"article:published_time\" content=\"2025-07-07T08:54:30+00:00\" \/>\n<meta property=\"article:modified_time\" content=\"2025-07-14T09:17:32+00:00\" \/>\n<meta property=\"og:image\" content=\"https:\/\/belhospice.org\/wp-content\/uploads\/2025\/07\/EdukacijaNurdorFeat.jpg\" \/>\n\t<meta property=\"og:image:width\" content=\"1080\" \/>\n\t<meta property=\"og:image:height\" content=\"450\" \/>\n\t<meta property=\"og:image:type\" content=\"image\/jpeg\" \/>\n<meta name=\"author\" content=\"BELHospice\" \/>\n<meta name=\"twitter:card\" content=\"summary_large_image\" \/>\n<meta name=\"twitter:label1\" content=\"Written by\" \/>\n\t<meta name=\"twitter:data1\" content=\"BELHospice\" \/>\n\t<meta name=\"twitter:label2\" content=\"Est. reading time\" \/>\n\t<meta name=\"twitter:data2\" content=\"2 minutes\" \/>\n<script type=\"application\/ld+json\" class=\"yoast-schema-graph\">{\"@context\":\"https:\\\/\\\/schema.org\",\"@graph\":[{\"@type\":\"Article\",\"@id\":\"https:\\\/\\\/belhospice.org\\\/en\\\/education-en\\\/together-we-learn-to-care-together\\\/#article\",\"isPartOf\":{\"@id\":\"https:\\\/\\\/belhospice.org\\\/en\\\/education-en\\\/together-we-learn-to-care-together\\\/\"},\"author\":{\"name\":\"BELHospice\",\"@id\":\"https:\\\/\\\/belhospice.org\\\/#\\\/schema\\\/person\\\/5719ad5439e30bcbc4e40cca96b1d589\"},\"headline\":\"Together we learn to care together\",\"datePublished\":\"2025-07-07T08:54:30+00:00\",\"dateModified\":\"2025-07-14T09:17:32+00:00\",\"mainEntityOfPage\":{\"@id\":\"https:\\\/\\\/belhospice.org\\\/en\\\/education-en\\\/together-we-learn-to-care-together\\\/\"},\"wordCount\":475,\"image\":{\"@id\":\"https:\\\/\\\/belhospice.org\\\/en\\\/education-en\\\/together-we-learn-to-care-together\\\/#primaryimage\"},\"thumbnailUrl\":\"https:\\\/\\\/belhospice.org\\\/wp-content\\\/uploads\\\/2025\\\/07\\\/EdukacijaNurdorFeat.jpg\",\"keywords\":[\"BELhospice Educational Center\",\"Dr Toni Kova\u010devi\u0107\",\"Maja \u0110or\u0111ijevi\u0107\",\"Mijodrag Bogi\u0107evi\u0107\",\"Nurdor\"],\"articleSection\":[\"Education\"],\"inLanguage\":\"en-US\"},{\"@type\":\"WebPage\",\"@id\":\"https:\\\/\\\/belhospice.org\\\/en\\\/education-en\\\/together-we-learn-to-care-together\\\/\",\"url\":\"https:\\\/\\\/belhospice.org\\\/en\\\/education-en\\\/together-we-learn-to-care-together\\\/\",\"name\":\"Together we learn to care together - BELHospice\",\"isPartOf\":{\"@id\":\"https:\\\/\\\/belhospice.org\\\/#website\"},\"primaryImageOfPage\":{\"@id\":\"https:\\\/\\\/belhospice.org\\\/en\\\/education-en\\\/together-we-learn-to-care-together\\\/#primaryimage\"},\"image\":{\"@id\":\"https:\\\/\\\/belhospice.org\\\/en\\\/education-en\\\/together-we-learn-to-care-together\\\/#primaryimage\"},\"thumbnailUrl\":\"https:\\\/\\\/belhospice.org\\\/wp-content\\\/uploads\\\/2025\\\/07\\\/EdukacijaNurdorFeat.jpg\",\"datePublished\":\"2025-07-07T08:54:30+00:00\",\"dateModified\":\"2025-07-14T09:17:32+00:00\",\"author\":{\"@id\":\"https:\\\/\\\/belhospice.org\\\/#\\\/schema\\\/person\\\/5719ad5439e30bcbc4e40cca96b1d589\"},\"breadcrumb\":{\"@id\":\"https:\\\/\\\/belhospice.org\\\/en\\\/education-en\\\/together-we-learn-to-care-together\\\/#breadcrumb\"},\"inLanguage\":\"en-US\",\"potentialAction\":[{\"@type\":\"ReadAction\",\"target\":[\"https:\\\/\\\/belhospice.org\\\/en\\\/education-en\\\/together-we-learn-to-care-together\\\/\"]}]},{\"@type\":\"ImageObject\",\"inLanguage\":\"en-US\",\"@id\":\"https:\\\/\\\/belhospice.org\\\/en\\\/education-en\\\/together-we-learn-to-care-together\\\/#primaryimage\",\"url\":\"https:\\\/\\\/belhospice.org\\\/wp-content\\\/uploads\\\/2025\\\/07\\\/EdukacijaNurdorFeat.jpg\",\"contentUrl\":\"https:\\\/\\\/belhospice.org\\\/wp-content\\\/uploads\\\/2025\\\/07\\\/EdukacijaNurdorFeat.jpg\",\"width\":1080,\"height\":450},{\"@type\":\"BreadcrumbList\",\"@id\":\"https:\\\/\\\/belhospice.org\\\/en\\\/education-en\\\/together-we-learn-to-care-together\\\/#breadcrumb\",\"itemListElement\":[{\"@type\":\"ListItem\",\"position\":1,\"name\":\"Home\",\"item\":\"https:\\\/\\\/belhospice.org\\\/en\\\/home\\\/\"},{\"@type\":\"ListItem\",\"position\":2,\"name\":\"Together we learn to care together\"}]},{\"@type\":\"WebSite\",\"@id\":\"https:\\\/\\\/belhospice.org\\\/#website\",\"url\":\"https:\\\/\\\/belhospice.org\\\/\",\"name\":\"BELHospice\",\"description\":\"BELhospice je prva specijalizovana dobrotvorna organizacija u Srbiji koja pru\u017ea palijativno zbrinjavanje.\",\"potentialAction\":[{\"@type\":\"SearchAction\",\"target\":{\"@type\":\"EntryPoint\",\"urlTemplate\":\"https:\\\/\\\/belhospice.org\\\/?s={search_term_string}\"},\"query-input\":{\"@type\":\"PropertyValueSpecification\",\"valueRequired\":true,\"valueName\":\"search_term_string\"}}],\"inLanguage\":\"en-US\"},{\"@type\":\"Person\",\"@id\":\"https:\\\/\\\/belhospice.org\\\/#\\\/schema\\\/person\\\/5719ad5439e30bcbc4e40cca96b1d589\",\"name\":\"BELHospice\",\"image\":{\"@type\":\"ImageObject\",\"inLanguage\":\"en-US\",\"@id\":\"https:\\\/\\\/belhospice.org\\\/wp-content\\\/litespeed\\\/avatar\\\/43c8647efeb970f268728e94aae93fec.jpg?ver=1777485720\",\"url\":\"https:\\\/\\\/belhospice.org\\\/wp-content\\\/litespeed\\\/avatar\\\/43c8647efeb970f268728e94aae93fec.jpg?ver=1777485720\",\"contentUrl\":\"https:\\\/\\\/belhospice.org\\\/wp-content\\\/litespeed\\\/avatar\\\/43c8647efeb970f268728e94aae93fec.jpg?ver=1777485720\",\"caption\":\"BELHospice\"},\"sameAs\":[\"https:\\\/\\\/belhospice.org\"],\"url\":\"https:\\\/\\\/belhospice.org\\\/en\\\/author\\\/belhadmin\\\/\"}]}<\/script>\n<!-- \/ Yoast SEO plugin. -->","yoast_head_json":{"title":"Together we learn to care together - BELHospice","robots":{"index":"index","follow":"follow","max-snippet":"max-snippet:-1","max-image-preview":"max-image-preview:large","max-video-preview":"max-video-preview:-1"},"canonical":"https:\/\/belhospice.org\/en\/education-en\/together-we-learn-to-care-together\/","og_locale":"en_US","og_type":"article","og_title":"Together we learn to care together - BELHospice","og_description":"On Saturday, the BELhospice Day Care Center was a place of knowledge, exchange and inspiration - through education dedicated to pediatric nurses who provide support to children with serious, life-threatening [&hellip;]","og_url":"https:\/\/belhospice.org\/en\/education-en\/together-we-learn-to-care-together\/","og_site_name":"BELHospice","article_published_time":"2025-07-07T08:54:30+00:00","article_modified_time":"2025-07-14T09:17:32+00:00","og_image":[{"width":1080,"height":450,"url":"https:\/\/belhospice.org\/wp-content\/uploads\/2025\/07\/EdukacijaNurdorFeat.jpg","type":"image\/jpeg"}],"author":"BELHospice","twitter_card":"summary_large_image","twitter_misc":{"Written by":"BELHospice","Est. reading time":"2 minutes"},"schema":{"@context":"https:\/\/schema.org","@graph":[{"@type":"Article","@id":"https:\/\/belhospice.org\/en\/education-en\/together-we-learn-to-care-together\/#article","isPartOf":{"@id":"https:\/\/belhospice.org\/en\/education-en\/together-we-learn-to-care-together\/"},"author":{"name":"BELHospice","@id":"https:\/\/belhospice.org\/#\/schema\/person\/5719ad5439e30bcbc4e40cca96b1d589"},"headline":"Together we learn to care together","datePublished":"2025-07-07T08:54:30+00:00","dateModified":"2025-07-14T09:17:32+00:00","mainEntityOfPage":{"@id":"https:\/\/belhospice.org\/en\/education-en\/together-we-learn-to-care-together\/"},"wordCount":475,"image":{"@id":"https:\/\/belhospice.org\/en\/education-en\/together-we-learn-to-care-together\/#primaryimage"},"thumbnailUrl":"https:\/\/belhospice.org\/wp-content\/uploads\/2025\/07\/EdukacijaNurdorFeat.jpg","keywords":["BELhospice Educational Center","Dr Toni Kova\u010devi\u0107","Maja \u0110or\u0111ijevi\u0107","Mijodrag Bogi\u0107evi\u0107","Nurdor"],"articleSection":["Education"],"inLanguage":"en-US"},{"@type":"WebPage","@id":"https:\/\/belhospice.org\/en\/education-en\/together-we-learn-to-care-together\/","url":"https:\/\/belhospice.org\/en\/education-en\/together-we-learn-to-care-together\/","name":"Together we learn to care together - BELHospice","isPartOf":{"@id":"https:\/\/belhospice.org\/#website"},"primaryImageOfPage":{"@id":"https:\/\/belhospice.org\/en\/education-en\/together-we-learn-to-care-together\/#primaryimage"},"image":{"@id":"https:\/\/belhospice.org\/en\/education-en\/together-we-learn-to-care-together\/#primaryimage"},"thumbnailUrl":"https:\/\/belhospice.org\/wp-content\/uploads\/2025\/07\/EdukacijaNurdorFeat.jpg","datePublished":"2025-07-07T08:54:30+00:00","dateModified":"2025-07-14T09:17:32+00:00","author":{"@id":"https:\/\/belhospice.org\/#\/schema\/person\/5719ad5439e30bcbc4e40cca96b1d589"},"breadcrumb":{"@id":"https:\/\/belhospice.org\/en\/education-en\/together-we-learn-to-care-together\/#breadcrumb"},"inLanguage":"en-US","potentialAction":[{"@type":"ReadAction","target":["https:\/\/belhospice.org\/en\/education-en\/together-we-learn-to-care-together\/"]}]},{"@type":"ImageObject","inLanguage":"en-US","@id":"https:\/\/belhospice.org\/en\/education-en\/together-we-learn-to-care-together\/#primaryimage","url":"https:\/\/belhospice.org\/wp-content\/uploads\/2025\/07\/EdukacijaNurdorFeat.jpg","contentUrl":"https:\/\/belhospice.org\/wp-content\/uploads\/2025\/07\/EdukacijaNurdorFeat.jpg","width":1080,"height":450},{"@type":"BreadcrumbList","@id":"https:\/\/belhospice.org\/en\/education-en\/together-we-learn-to-care-together\/#breadcrumb","itemListElement":[{"@type":"ListItem","position":1,"name":"Home","item":"https:\/\/belhospice.org\/en\/home\/"},{"@type":"ListItem","position":2,"name":"Together we learn to care together"}]},{"@type":"WebSite","@id":"https:\/\/belhospice.org\/#website","url":"https:\/\/belhospice.org\/","name":"BELHospice","description":"BELhospice je prva specijalizovana dobrotvorna organizacija u Srbiji koja pru\u017ea palijativno zbrinjavanje.","potentialAction":[{"@type":"SearchAction","target":{"@type":"EntryPoint","urlTemplate":"https:\/\/belhospice.org\/?s={search_term_string}"},"query-input":{"@type":"PropertyValueSpecification","valueRequired":true,"valueName":"search_term_string"}}],"inLanguage":"en-US"},{"@type":"Person","@id":"https:\/\/belhospice.org\/#\/schema\/person\/5719ad5439e30bcbc4e40cca96b1d589","name":"BELHospice","image":{"@type":"ImageObject","inLanguage":"en-US","@id":"https:\/\/belhospice.org\/wp-content\/litespeed\/avatar\/43c8647efeb970f268728e94aae93fec.jpg?ver=1777485720","url":"https:\/\/belhospice.org\/wp-content\/litespeed\/avatar\/43c8647efeb970f268728e94aae93fec.jpg?ver=1777485720","contentUrl":"https:\/\/belhospice.org\/wp-content\/litespeed\/avatar\/43c8647efeb970f268728e94aae93fec.jpg?ver=1777485720","caption":"BELHospice"},"sameAs":["https:\/\/belhospice.org"],"url":"https:\/\/belhospice.org\/en\/author\/belhadmin\/"}]}},"_links":{"self":[{"href":"https:\/\/belhospice.org\/en\/wp-json\/wp\/v2\/posts\/25608","targetHints":{"allow":["GET"]}}],"collection":[{"href":"https:\/\/belhospice.org\/en\/wp-json\/wp\/v2\/posts"}],"about":[{"href":"https:\/\/belhospice.org\/en\/wp-json\/wp\/v2\/types\/post"}],"author":[{"embeddable":true,"href":"https:\/\/belhospice.org\/en\/wp-json\/wp\/v2\/users\/1"}],"replies":[{"embeddable":true,"href":"https:\/\/belhospice.org\/en\/wp-json\/wp\/v2\/comments?post=25608"}],"version-history":[{"count":4,"href":"https:\/\/belhospice.org\/en\/wp-json\/wp\/v2\/posts\/25608\/revisions"}],"predecessor-version":[{"id":25613,"href":"https:\/\/belhospice.org\/en\/wp-json\/wp\/v2\/posts\/25608\/revisions\/25613"}],"wp:featuredmedia":[{"embeddable":true,"href":"https:\/\/belhospice.org\/en\/wp-json\/wp\/v2\/media\/25599"}],"wp:attachment":[{"href":"https:\/\/belhospice.org\/en\/wp-json\/wp\/v2\/media?parent=25608"}],"wp:term":[{"taxonomy":"category","embeddable":true,"href":"https:\/\/belhospice.org\/en\/wp-json\/wp\/v2\/categories?post=25608"},{"taxonomy":"post_tag","embeddable":true,"href":"https:\/\/belhospice.org\/en\/wp-json\/wp\/v2\/tags?post=25608"}],"curies":[{"name":"wp","href":"https:\/\/api.w.org\/{rel}","templated":true}]}}